{"id":7811,"date":"2024-09-06T13:15:21","date_gmt":"2024-09-06T11:15:21","guid":{"rendered":"https:\/\/www.grundschuleplantagenstrasse.de\/?p=7811"},"modified":"2024-09-06T13:15:21","modified_gmt":"2024-09-06T11:15:21","slug":"unser-schulhof","status":"publish","type":"post","link":"https:\/\/www.grundschuleplantagenstrasse.de\/?p=7811","title":{"rendered":"Unser Schulhof"},"content":{"rendered":"<div class=\"wpb-content-wrapper\"><p>[vc_row][vc_column][vc_column_text css=&#8220;&#8220;]<\/p>\n<h4 style=\"text-align: left;\"><span style=\"color: #000000;\">W\u00e4hrend unsere Sch\u00fcler:innen frei hatten, wurde in den Sommerferien auf unserem Schulgel\u00e4nde flei\u00dfig gearbeitet. Das ein oder andere Kind hat in der Ferienbetreuung die Bagger beim flei\u00dfigen Hin- und Herfahren beobachtet und St\u00fcck f\u00fcr St\u00fcck wurde unser Sand erneuert und rund um die B\u00e4ume gab es neue Erde und neuen Rindenmulch. Nun erstrahlt unser Schulhof wieder in neuem Glanz.<br \/>\n<\/span><\/h4>\n<p>[\/vc_column_text][\/vc_column][\/vc_row][vc_row][vc_column][vc_masonry_media_grid css=&#8220;&#8220; grid_id=&#8220;vc_gid:1725621244027-c543d49b-c6c9-5&#8243; include=&#8220;7820,7819,7818,7817,7816,7815,7814,7813&#8243;][\/vc_column][\/vc_row]<\/p>\n<\/div>","protected":false},"excerpt":{"rendered":"<p>[vc_row][vc_column][vc_column_text css=&#8220;&#8220;] W\u00e4hrend unsere Sch\u00fcler:innen frei hatten, wurde in den Sommerferien auf unserem Schulgel\u00e4nde flei\u00dfig gearbeitet. Das ein oder andere Kind hat in der Ferienbetreuung die Bagger beim flei\u00dfigen Hin-&hellip;<\/p>\n","protected":false},"author":5,"featured_media":7813,"comment_status":"closed","ping_status":"closed","sticky":false,"template":"","format":"standard","meta":{"ngg_post_thumbnail":0,"footnotes":""},"categories":[52,35,33,39,37,53,34,15,4,38,36,14,40],"tags":[],"class_list":["post-7811","post","type-post","status-publish","format-standard","has-post-thumbnail","hentry","category-baeren","category-drachen","category-eisbaeren","category-erdmaennchen","category-eulen","category-faultiere","category-fuechse","category-loewen","category-neuigkeiten","category-pinguine","category-tiger","category-waschbaeren","category-zebras","category-52","category-35","category-33","category-39","category-37","category-53","category-34","category-15","category-4","category-38","category-36","category-14","category-40","description-off"],"_links":{"self":[{"href":"https:\/\/www.grundschuleplantagenstrasse.de\/index.php?rest_route=\/wp\/v2\/posts\/7811","targetHints":{"allow":["GET"]}}],"collection":[{"href":"https:\/\/www.grundschuleplantagenstrasse.de\/index.php?rest_route=\/wp\/v2\/posts"}],"about":[{"href":"https:\/\/www.grundschuleplantagenstrasse.de\/index.php?rest_route=\/wp\/v2\/types\/post"}],"author":[{"embeddable":true,"href":"https:\/\/www.grundschuleplantagenstrasse.de\/index.php?rest_route=\/wp\/v2\/users\/5"}],"replies":[{"embeddable":true,"href":"https:\/\/www.grundschuleplantagenstrasse.de\/index.php?rest_route=%2Fwp%2Fv2%2Fcomments&post=7811"}],"version-history":[{"count":2,"href":"https:\/\/www.grundschuleplantagenstrasse.de\/index.php?rest_route=\/wp\/v2\/posts\/7811\/revisions"}],"predecessor-version":[{"id":7821,"href":"https:\/\/www.grundschuleplantagenstrasse.de\/index.php?rest_route=\/wp\/v2\/posts\/7811\/revisions\/7821"}],"wp:featuredmedia":[{"embeddable":true,"href":"https:\/\/www.grundschuleplantagenstrasse.de\/index.php?rest_route=\/wp\/v2\/media\/7813"}],"wp:attachment":[{"href":"https:\/\/www.grundschuleplantagenstrasse.de\/index.php?rest_route=%2Fwp%2Fv2%2Fmedia&parent=7811"}],"wp:term":[{"taxonomy":"category","embeddable":true,"href":"https:\/\/www.grundschuleplantagenstrasse.de\/index.php?rest_route=%2Fwp%2Fv2%2Fcategories&post=7811"},{"taxonomy":"post_tag","embeddable":true,"href":"https:\/\/www.grundschuleplantagenstrasse.de\/index.php?rest_route=%2Fwp%2Fv2%2Ftags&post=7811"}],"curies":[{"name":"wp","href":"https:\/\/api.w.org\/{rel}","templated":true}]}}