{"id":780,"date":"2018-09-30T11:39:10","date_gmt":"2018-09-30T09:39:10","guid":{"rendered":"http:\/\/www.plantage34.de\/?p=780"},"modified":"2018-09-30T11:39:10","modified_gmt":"2018-09-30T09:39:10","slug":"arbeitsgemeinschaften-starten","status":"publish","type":"post","link":"https:\/\/www.grundschuleplantagenstrasse.de\/?p=780","title":{"rendered":"Arbeitsgemeinschaften starten!"},"content":{"rendered":"<p style=\"text-align: justify;\"><span style=\"font-size: 14pt;\"><span style=\"color: #000000;\">N<\/span><span style=\"color: #000000;\">ach den Herbstferien wollen wir mit unseren Arbeitsgemeinschaften beginnen.<\/span><\/span><\/p>\n<p style=\"text-align: justify;\"><span style=\"font-size: 14pt;\"><span style=\"color: #000000;\"><img loading=\"lazy\" decoding=\"async\" class=\"alignleft\" src=\"https:\/\/www.gif-paradies.de\/gifs\/gemischtes\/schule\/schule_0014.gif\" alt=\"\" width=\"196\" height=\"272\" border=\"0\" \/><\/span><\/span><span style=\"color: #000000;\">Sie sind ein wesentlicher Bestandteil unserer Arbeitsweise und sollen den Kindern eine M\u00f6glichkeit bieten, sich nach ihren Bed\u00fcrfnissen an unserer Schule auszuprobieren. Die Arbeitsgemeinschaften sind ein freiwilliges Angebot und k\u00f6nnen halbj\u00e4hrlich gewechselt werden.<\/span><\/p>\n<p style=\"text-align: justify;\"><span style=\"color: #000000;\">Sie finden im Zeitraum ab 13.30 Uhr statt (siehe u.s. \u00dcbersicht). <\/span><br \/>\n<span style=\"background-color: #ffff00;\"><strong><span style=\"color: #000000;\"> Beachten Sie bitte, dass die Yoga-AG kostenpflichtig ist!<\/span><\/strong><\/span><\/p>\n<p style=\"text-align: justify;\"><span style=\"color: #000000;\">Sollte die AG Ihres Kindes aus personellen Gr\u00fcnden nicht stattfinden k\u00f6nnen, werden die Kinder mit einem Hortvertrag regul\u00e4r betreut.<\/span><\/p>\n<p style=\"text-align: justify;\"><span style=\"color: #000000; background-color: #ffff00;\"><em>Bitte beachten Sie, dass Kinder <strong><u>ohne<\/u><\/strong> einen Hortvertrag ab 13:30 Uhr bis zum AG Beginn aus versicherungstechnischen Gr\u00fcnden nicht in der Schule betreut werden k\u00f6nnen.<\/em><\/span><\/p>\n<p style=\"text-align: justify;\"><span style=\"color: #000000;\">Wir starten mit den festen Arbeitsgemeinschaften am <span style=\"font-size: 12pt;\"><strong><u>05.11.18<\/u><\/strong><\/span> und diese gehen dann bis zum <strong><u><span style=\"font-size: 12pt;\">25.1.18<\/span>.<\/u><\/strong> Bitte w\u00e4hlen Sie mit ihrem Kind <strong><u>gemeinsam<\/u><\/strong> w\u00e4hrend der Ferienzeit die Wunsch-AG aus und geben den ausgef\u00fcllten Zettel (siehe PDF-Datei unten) <strong>bis zum <span style=\"font-size: 12pt;\"><u>19.10.2018<\/u> <\/span><\/strong>bei Frau Mete im Sekretariat ab.<\/span><\/p>\n<p style=\"text-align: center;\"><span style=\"color: #000000; font-size: 12pt;\">Zeitraum: Montag &#8211; Donnerstag<\/span><br \/>\n<span style=\"color: #000000; font-size: 12pt;\"> Uhrzeit: 13:30 Uhr \u2013 15:30 Uhr<\/span><\/p>\n<p style=\"text-align: justify;\"><span style=\"color: #000000;\">Bitte beachten Sie, dass Ihr Kind an diesem Tag in einem anderen Raum abgeholt werden muss. Um einen guten Ablauf der AGs zu gew\u00e4hrleisten, w\u00fcrden wir Sie bitten, Ihr Kind erst nach der AG abzuholen.<\/span><\/p>\n<p><span style=\"text-decoration: underline; font-size: 18pt;\"><span style=\"color: #000000;\"><strong><span style=\"color: #ff0000; text-decoration: underline;\">A<\/span><span style=\"color: #ff6600; text-decoration: underline;\">G<\/span><span style=\"color: #0000ff; text-decoration: underline;\">&#8211;<\/span><span style=\"color: #993366; text-decoration: underline;\">\u00dc<\/span><span style=\"color: #ff00ff; text-decoration: underline;\">b<\/span><span style=\"color: #993300; text-decoration: underline;\">e<\/span><span style=\"color: #ff0000; text-decoration: underline;\">r<\/span><span style=\"color: #ff6600; text-decoration: underline;\">s<\/span><span style=\"color: #339966; text-decoration: underline;\">i<\/span><span style=\"color: #3366ff; text-decoration: underline;\">c<\/span><span style=\"color: #ff9900; text-decoration: underline;\">h<\/span><span style=\"color: #99cc00; text-decoration: underline;\">t<\/span> <\/strong><\/span><\/span><\/p>\n<table style=\"height: 525px;\" width=\"667\">\n<tbody>\n<tr>\n<td style=\"width: 132.1px;\"><span style=\"text-decoration: underline; font-size: 8pt;\"><span style=\"color: #000000; text-decoration: underline;\"><strong>AG<\/strong><\/span><\/span><\/td>\n<td style=\"width: 105.45px;\"><span style=\"text-decoration: underline; font-size: 8pt;\"><span style=\"color: #000000; text-decoration: underline;\"><strong>Raum<\/strong><\/span><\/span><\/td>\n<td style=\"width: 164.85px;\"><span style=\"text-decoration: underline; font-size: 8pt;\"><span style=\"color: #000000; text-decoration: underline;\"><strong>Wochentag<\/strong><\/span><\/span><\/td>\n<td style=\"width: 93.5px;\"><span style=\"text-decoration: underline; font-size: 8pt;\"><span style=\"color: #000000; text-decoration: underline;\"><strong>Anzahl<\/strong><\/span><\/span><\/td>\n<td style=\"width: 115.1px;\"><span style=\"font-size: 8pt; color: #000000;\"><strong>\u00a0<\/strong><\/span><\/td>\n<\/tr>\n<tr>\n<td style=\"width: 132.1px;\"><span style=\"font-size: 12pt; color: #000000;\"><strong>Yoga f\u00fcr Kinder<br \/>\n<\/strong><\/span><span style=\"font-size: 8pt; color: #000000;\"><strong>(<span style=\"background-color: #ffff00;\">Ex<\/span> + <span style=\"background-color: #ff00ff;\">H<\/span>)<\/strong><\/span><\/td>\n<td style=\"width: 105.45px;\"><span style=\"font-size: 8pt; color: #000000;\">Entspannungs-<br \/>\nraum<\/span><\/td>\n<td style=\"width: 164.85px;\"><span style=\"font-size: 8pt; color: #000000;\">Mittwoch\u00a0\u00a0\u00a0\u00a0\u00a0\u00a0\u00a0\u00a0\u00a0\u00a0\u00a0\u00a0\u00a0\u00a0\u00a0\u00a0\u00a0\u00a0\u00a0\u00a0\u00a0\u00a0\u00a0\u00a0\u00a0\u00a0\u00a0\u00a0 14:30 Uhr \u2013 15:30 Uhr<\/span><\/td>\n<td style=\"width: 93.5px;\"><span style=\"font-size: 8pt; color: #000000;\">10 &#8211; 12<\/span><\/td>\n<td style=\"width: 115.1px;\"><span style=\"font-size: 8pt; color: #000000;\">monatl. 17 Euro<\/span><\/p>\n<p><span style=\"font-size: 8pt; background-color: #ffff00; color: #000000;\"><strong>kostenpflichtig<\/strong><\/span><\/td>\n<\/tr>\n<tr>\n<td style=\"width: 132.1px;\"><span style=\"font-size: 12pt; color: #000000;\"><strong>Musik und Theater<\/strong><\/span><\/p>\n<p><span style=\"font-size: 8pt; color: #000000;\"><strong>(<span style=\"background-color: #00ff00;\">L<\/span> + <span style=\"background-color: #ff00ff;\">H<\/span>)<\/strong><\/span><\/td>\n<td style=\"width: 105.45px;\"><span style=\"font-size: 8pt; color: #000000;\">Entspannungs-<br \/>\nraum<\/span><\/td>\n<td style=\"width: 164.85px;\"><span style=\"font-size: 8pt; color: #000000;\">Donnerstag<\/span><\/p>\n<p><span style=\"font-size: 8pt; color: #000000;\">13:30 Uhr \u2013 14:30 Uhr<\/span><\/td>\n<td style=\"width: 93.5px;\"><span style=\"font-size: 8pt; color: #000000;\">10 &#8211; 12<\/span><\/td>\n<td style=\"width: 115.1px;\"><span style=\"font-size: 8pt; color: #000000;\">kostenfrei<\/span><\/td>\n<\/tr>\n<tr>\n<td style=\"width: 132.1px;\"><span style=\"font-size: 12pt; color: #000000;\"><strong>Kunst und Theater<\/strong><\/span><\/p>\n<p><span style=\"font-size: 8pt; color: #000000;\"><strong>(<span style=\"background-color: #00ff00;\">L<\/span> + <span style=\"background-color: #ff00ff;\">H<\/span>)<\/strong><\/span><\/td>\n<td style=\"width: 105.45px;\"><span style=\"font-size: 8pt; color: #000000;\">Klassenraum 1b<\/span><\/td>\n<td style=\"width: 164.85px;\"><span style=\"font-size: 8pt; color: #000000;\">Donnerstag<\/span><\/p>\n<p><span style=\"font-size: 8pt; color: #000000;\">13:30 Uhr \u2013 14:30 Uhr<\/span><\/td>\n<td style=\"width: 93.5px;\"><span style=\"font-size: 8pt; color: #000000;\">10 \u2013 12<\/span><\/td>\n<td style=\"width: 115.1px;\"><span style=\"font-size: 8pt; color: #000000;\">kostenfrei<\/span><\/td>\n<\/tr>\n<tr>\n<td style=\"width: 132.1px;\"><span style=\"font-size: 12pt; color: #000000;\"><strong>Kreativit\u00e4tstraining<\/strong><\/span><\/p>\n<p><span style=\"font-size: 8pt; color: #000000;\"><strong>(<span style=\"background-color: #ff00ff;\">H<\/span>)<\/strong><\/span><\/td>\n<td style=\"width: 105.45px;\"><span style=\"font-size: 8pt; color: #000000;\">Kreativraum<\/span><\/td>\n<td style=\"width: 164.85px;\"><span style=\"font-size: 8pt; color: #000000;\">Dienstag<\/span><\/p>\n<p><span style=\"font-size: 8pt; color: #000000;\">14:30 \u2013 15:30 Uhr<\/span><\/td>\n<td style=\"width: 93.5px;\"><span style=\"font-size: 8pt; color: #000000;\">8 \u2013 10<\/span><\/td>\n<td style=\"width: 115.1px;\"><span style=\"font-size: 8pt; color: #000000;\">kostenfrei<\/span><\/td>\n<\/tr>\n<tr>\n<td style=\"width: 132.1px;\"><span style=\"font-size: 12pt; color: #000000;\"><strong>Fu\u00dfball<\/strong><\/span><\/p>\n<p><span style=\"font-size: 8pt; color: #000000;\"><strong>(<span style=\"background-color: #ff00ff;\">H<\/span>)<\/strong><\/span><\/td>\n<td style=\"width: 105.45px;\"><span style=\"font-size: 8pt; color: #000000;\">Turnhalle<\/span><\/td>\n<td style=\"width: 164.85px;\"><span style=\"font-size: 8pt; color: #000000;\">Mittwoch<\/span><\/p>\n<p><span style=\"font-size: 8pt; color: #000000;\">14:30 Uhr \u2013 15:30 Uhr<\/span><\/td>\n<td style=\"width: 93.5px;\"><span style=\"font-size: 8pt; color: #000000;\">10 &#8211; 12<\/span><\/td>\n<td style=\"width: 115.1px;\"><span style=\"font-size: 8pt; color: #000000;\">kostenfrei<\/span><\/td>\n<\/tr>\n<tr>\n<td style=\"width: 132.1px;\"><span style=\"font-size: 12pt; color: #000000;\"><strong>Kleine Forscher<\/strong><\/span><\/p>\n<p><span style=\"font-size: 8pt; color: #000000;\"><strong>(<span style=\"background-color: #ff00ff;\">H<\/span>)<\/strong><\/span><\/td>\n<td style=\"width: 105.45px;\"><span style=\"font-size: 8pt; color: #000000;\">Bauraum<\/span><\/td>\n<td style=\"width: 164.85px;\"><span style=\"font-size: 8pt; color: #000000;\">Montag<\/span><\/p>\n<p><span style=\"font-size: 8pt; color: #000000;\">14:30 Uhr \u2013 15:30 Uhr<\/span><\/td>\n<td style=\"width: 93.5px;\"><span style=\"font-size: 8pt; color: #000000;\">8 &#8211; 10<\/span><\/td>\n<td style=\"width: 115.1px;\"><span style=\"font-size: 8pt; color: #000000;\">kostenfrei<\/span><\/td>\n<\/tr>\n<\/tbody>\n<\/table>\n<table style=\"width: 666px;\">\n<tbody>\n<tr>\n<td style=\"width: 654px;\">\n<table width=\"100%\">\n<tbody>\n<tr>\n<td><span style=\"text-decoration: underline; font-size: 8pt; color: #000000;\">Legende:<\/span><\/p>\n<p><span style=\"font-size: 8pt; color: #000000;\"><span style=\"background-color: #ffff00;\"><strong>Ex<\/strong><\/span>: externe AG\u00a0\u00a0\u00a0\u00a0\u00a0\u00a0\u00a0 \u00a0\u2013 kostenpflichtig, f\u00fcr alle Kinder<\/span><\/p>\n<p><span style=\"font-size: 8pt; color: #000000;\"><span style=\"background-color: #00ff00;\"><strong>L<\/strong><\/span>\u00a0 : schulinterne AG \u2013 kostenfrei, f\u00fcr alle Kinder<\/span><\/p>\n<p><span style=\"font-size: 8pt; color: #000000;\"><span style=\"background-color: #ff00ff;\"><strong>H<\/strong><\/span> : Hort AG\u00a0\u00a0\u00a0\u00a0\u00a0\u00a0\u00a0\u00a0\u00a0\u00a0\u00a0\u00a0 \u00a0\u00a0\u00a0&#8211; kostenfrei, Angebot nur f\u00fcr Hortkinder<\/span><\/td>\n<\/tr>\n<\/tbody>\n<\/table>\n<\/td>\n<\/tr>\n<\/tbody>\n<\/table>\n<p style=\"text-align: center;\"><span style=\"font-size: 18pt;\"><strong><span style=\"color: #000000;\"><a href=\"http:\/\/www.plantage34.de\/wp-content\/uploads\/2018\/09\/Anmeldebogen.pdf\"><img loading=\"lazy\" decoding=\"async\" class=\"alignleft\" src=\"https:\/\/www.gif-paradies.de\/gifs\/homepage\/download\/download_0017.gif\" alt=\"\" width=\"100\" height=\"100\" border=\"0\" \/><span style=\"font-size: 24pt; color: #0000ff;\">AG-ANMELDUNG<\/span><\/a><\/span> <\/strong><\/span><\/p>\n<p style=\"text-align: center;\"><span style=\"font-size: 18pt; color: #ff0000;\"><strong>&#8230;zum Ausdrucken bitte anklicken!<\/strong><\/span><\/p>\n","protected":false},"excerpt":{"rendered":"<p>Nach den Herbstferien wollen wir mit unseren Arbeitsgemeinschaften beginnen. Sie sind ein wesentlicher Bestandteil unserer Arbeitsweise und sollen den Kindern eine M\u00f6glichkeit bieten, sich nach ihren Bed\u00fcrfnissen an unserer Schule&hellip;<\/p>\n","protected":false},"author":1,"featured_media":0,"comment_status":"closed","ping_status":"closed","sticky":false,"template":"","format":"standard","meta":{"ngg_post_thumbnail":0,"footnotes":""},"categories":[4,6],"tags":[],"class_list":["post-780","post","type-post","status-publish","format-standard","hentry","category-neuigkeiten","category-neuigkeiten-ganztag","category-4","category-6","description-off"],"_links":{"self":[{"href":"https:\/\/www.grundschuleplantagenstrasse.de\/index.php?rest_route=\/wp\/v2\/posts\/780","targetHints":{"allow":["GET"]}}],"collection":[{"href":"https:\/\/www.grundschuleplantagenstrasse.de\/index.php?rest_route=\/wp\/v2\/posts"}],"about":[{"href":"https:\/\/www.grundschuleplantagenstrasse.de\/index.php?rest_route=\/wp\/v2\/types\/post"}],"author":[{"embeddable":true,"href":"https:\/\/www.grundschuleplantagenstrasse.de\/index.php?rest_route=\/wp\/v2\/users\/1"}],"replies":[{"embeddable":true,"href":"https:\/\/www.grundschuleplantagenstrasse.de\/index.php?rest_route=%2Fwp%2Fv2%2Fcomments&post=780"}],"version-history":[{"count":33,"href":"https:\/\/www.grundschuleplantagenstrasse.de\/index.php?rest_route=\/wp\/v2\/posts\/780\/revisions"}],"predecessor-version":[{"id":814,"href":"https:\/\/www.grundschuleplantagenstrasse.de\/index.php?rest_route=\/wp\/v2\/posts\/780\/revisions\/814"}],"wp:attachment":[{"href":"https:\/\/www.grundschuleplantagenstrasse.de\/index.php?rest_route=%2Fwp%2Fv2%2Fmedia&parent=780"}],"wp:term":[{"taxonomy":"category","embeddable":true,"href":"https:\/\/www.grundschuleplantagenstrasse.de\/index.php?rest_route=%2Fwp%2Fv2%2Fcategories&post=780"},{"taxonomy":"post_tag","embeddable":true,"href":"https:\/\/www.grundschuleplantagenstrasse.de\/index.php?rest_route=%2Fwp%2Fv2%2Ftags&post=780"}],"curies":[{"name":"wp","href":"https:\/\/api.w.org\/{rel}","templated":true}]}}