{"id":6833,"date":"2022-11-20T20:53:52","date_gmt":"2022-11-20T19:53:52","guid":{"rendered":"https:\/\/grundschuleplantagenstrasse.de\/?p=6833"},"modified":"2023-03-12T11:20:48","modified_gmt":"2023-03-12T10:20:48","slug":"adventssingen-2022","status":"publish","type":"post","link":"https:\/\/www.grundschuleplantagenstrasse.de\/?p=6833","title":{"rendered":"Adventssingen 2022"},"content":{"rendered":"<h4 style=\"text-align: left;\"><span style=\"color: #000000;\"><span style=\"caret-color: #000000;\">An jedem Montag im Advent findet um 9.40 Uhr unser Adventssingen statt. Zaung\u00e4ste sind herzlich willkommen. Am letzten Schultag findet ein Abschlusssingen um 11.30Uhr statt. Wir w\u00fcnschen allen eine sch\u00f6ne Adventszeit und einen gelungenen Jahresabschluss.<\/span><\/span><\/h4>\n<h4>&nbsp;<\/h4>\n<h4>&nbsp;<\/h4>\n<h4>&nbsp;<\/h4>\n<h4>&nbsp;<\/h4>\n","protected":false},"excerpt":{"rendered":"<p>An jedem Montag im Advent findet um 9.40 Uhr unser Adventssingen statt. Zaung\u00e4ste sind herzlich willkommen. Am letzten Schultag findet ein Abschlusssingen um 11.30Uhr statt. Wir w\u00fcnschen allen eine sch\u00f6ne&hellip;<\/p>\n","protected":false},"author":5,"featured_media":6581,"comment_status":"closed","ping_status":"closed","sticky":false,"template":"","format":"standard","meta":{"ngg_post_thumbnail":0,"footnotes":""},"categories":[18,4],"tags":[],"class_list":["post-6833","post","type-post","status-publish","format-standard","has-post-thumbnail","hentry","category-musikalische-grundschule","category-neuigkeiten","category-18","category-4","description-off"],"_links":{"self":[{"href":"https:\/\/www.grundschuleplantagenstrasse.de\/index.php?rest_route=\/wp\/v2\/posts\/6833","targetHints":{"allow":["GET"]}}],"collection":[{"href":"https:\/\/www.grundschuleplantagenstrasse.de\/index.php?rest_route=\/wp\/v2\/posts"}],"about":[{"href":"https:\/\/www.grundschuleplantagenstrasse.de\/index.php?rest_route=\/wp\/v2\/types\/post"}],"author":[{"embeddable":true,"href":"https:\/\/www.grundschuleplantagenstrasse.de\/index.php?rest_route=\/wp\/v2\/users\/5"}],"replies":[{"embeddable":true,"href":"https:\/\/www.grundschuleplantagenstrasse.de\/index.php?rest_route=%2Fwp%2Fv2%2Fcomments&post=6833"}],"version-history":[{"count":1,"href":"https:\/\/www.grundschuleplantagenstrasse.de\/index.php?rest_route=\/wp\/v2\/posts\/6833\/revisions"}],"predecessor-version":[{"id":6834,"href":"https:\/\/www.grundschuleplantagenstrasse.de\/index.php?rest_route=\/wp\/v2\/posts\/6833\/revisions\/6834"}],"wp:featuredmedia":[{"embeddable":true,"href":"https:\/\/www.grundschuleplantagenstrasse.de\/index.php?rest_route=\/wp\/v2\/media\/6581"}],"wp:attachment":[{"href":"https:\/\/www.grundschuleplantagenstrasse.de\/index.php?rest_route=%2Fwp%2Fv2%2Fmedia&parent=6833"}],"wp:term":[{"taxonomy":"category","embeddable":true,"href":"https:\/\/www.grundschuleplantagenstrasse.de\/index.php?rest_route=%2Fwp%2Fv2%2Fcategories&post=6833"},{"taxonomy":"post_tag","embeddable":true,"href":"https:\/\/www.grundschuleplantagenstrasse.de\/index.php?rest_route=%2Fwp%2Fv2%2Ftags&post=6833"}],"curies":[{"name":"wp","href":"https:\/\/api.w.org\/{rel}","templated":true}]}}