{"id":4967,"date":"2021-06-03T05:16:27","date_gmt":"2021-06-03T03:16:27","guid":{"rendered":"https:\/\/www.plantage34.de\/?p=4967"},"modified":"2021-06-03T05:16:27","modified_gmt":"2021-06-03T03:16:27","slug":"rueckkehr-zum-regelbetrieb-an-den-schulen-ab-9-juni","status":"publish","type":"post","link":"https:\/\/www.grundschuleplantagenstrasse.de\/?p=4967","title":{"rendered":"R\u00fcckkehr zum Regelbetrieb an den Schulen ab 9. Juni"},"content":{"rendered":"<div id=\"layout-grid__area--maincontent\">\n<div class=\"container-wrapper\">\n<div class=\"container\">\n<div class=\"row\">\n<div class=\"span7 column-content\">\n<div class=\"html5-section article\" role=\"main\">\n<div class=\"html5-header header\">\n<h1 class=\"title\"><span style=\"font-size: 12pt;\">Pressemitteilung der Senatsverwaltung vom 01.06.2021 <a href=\"https:\/\/www.plantage34.de\/?p=4959\" target=\"_blank\" rel=\"noopener\">(<strong>Link)<\/strong><\/a><br \/>\n<\/span><\/h1>\n<\/div>\n<div class=\"html5-section body\">\n<div class=\"html5-section block modul-text_bild\">\n<div class=\"html5-section body\">\n<div class=\"text \">\n<div class=\"textile\">\n<p><span style=\"font-size: 12pt;\">An den Berliner Schulen findet aktuell in allen Jahrgangsstufen Unterricht in halber Klassenst\u00e4rke im Wechselmodell statt. Vor dem Hintergrund der j\u00fcngsten Eilentscheidung des Berliner Verwaltungsgerichts und angesichts von Lockerungen in vielen gesellschaftlichen Bereichen wird auch in den Schulen eine R\u00fcckkehr zum Regelbetrieb unter Pandemiebedingungen erfolgen. Eine entsprechende Vorlage von Bildungssenatorin Sandra Scheeres ist heute vom Senat zur Kenntnis genommen worden: <strong>Vom 9. Juni 2021 bis zu den Sommerferien<\/strong> werden die Schulen im pandemiebedingten Regelbetrieb wieder in vollen Lerngruppenst\u00e4rken \u00f6ffnen.<\/span><\/p>\n<p><span style=\"font-size: 12pt;\">Die folgenden Ma\u00dfnahmen gelten weiterhin:<\/span><\/p>\n<ul>\n<li><span style=\"font-size: 12pt;\">Tragen einer medizinischen Mund-Nasen-Bedeckung im Schulgeb\u00e4ude. Auf dem Schulhof wird die Maskenpflicht hingegen aufgehoben.<\/span><\/li>\n<li><span style=\"font-size: 12pt;\">L\u00fcften und Testungen (wie bisher zwei Mal w\u00f6chentlich).<\/span><\/li>\n<li><span style=\"font-size: 12pt;\">Die Pr\u00e4senzpflicht bleibt ausgesetzt.<\/span><\/li>\n<li><span style=\"font-size: 12pt;\">Die erg\u00e4nzende F\u00f6rderung und Betreuung (Hortbetreuung) wird ebenfalls wieder ab dem 9. Juni 2021 angeboten.<\/span><\/li>\n<\/ul>\n<p><span style=\"font-size: 12pt;\"><strong>Sandra Scheeres, Senatorin f\u00fcr Bildung, Jugend und Familie<\/strong>: \u201eWir hatten uns mit Blick auf die Schul\u00f6ffnungen f\u00fcr einen vorsichtigen Weg entschieden, um die Kinder und Jugendlichen sowie die noch nicht vollst\u00e4ndig geimpften Lehrkr\u00e4fte zu sch\u00fctzen. Diese Haltung wurde von den Schulleitungsverb\u00e4nden und von ma\u00dfgeblichen Gremienvertretungen wie dem Landesschulbeirat und dem Landessch\u00fclerausschuss breit unterst\u00fctzt. Durch die deutliche Eilentscheidung des Verwaltungsgerichts ist nun eine neue Situation entstanden: Die Richter sehen das Festhalten am Wechselunterricht als nicht mehr verh\u00e4ltnism\u00e4\u00dfig an. Es muss nach diesem Gerichtsentscheid eine R\u00fcckkehr zum Regelbetrieb noch in diesem Schuljahr geben. Wir werden nun auch wieder die regul\u00e4re Ganztagsbetreuung anbieten.\u201c<\/span><\/p>\n<p><span style=\"font-size: 12pt;\">Mit <strong>Beginn der Sommerferien<\/strong> wird in der Primarstufe dann wieder die regul\u00e4re Ferienbetreuung (erg\u00e4nzende F\u00f6rderung und Betreuung) angeboten.<\/span><\/p>\n<p><span style=\"font-size: 12pt;\">Mit <strong>Beginn des Schuljahres 2021\/22<\/strong> sollen vorbehaltlich der Entwicklung des Infektionsgeschehens folgende Regelungen gelten:<\/span><\/p>\n<ul>\n<li><span style=\"font-size: 12pt;\">Vollst\u00e4ndiger Pr\u00e4senzunterricht in allen Jahrgangsstufen und Schularten.<\/span><\/li>\n<li><span style=\"font-size: 12pt;\">Pr\u00e4senzpflicht f\u00fcr Sch\u00fclerinnen und Sch\u00fcler.<\/span><\/li>\n<li><span style=\"font-size: 12pt;\">Au\u00dferunterrichtliche und erg\u00e4nzende F\u00f6rderung und Betreuung sowie au\u00dferunterrichtliche Ganztagsangebote finden in vollem Umfang statt.<\/span><\/li>\n<li><span style=\"font-size: 12pt;\">Die jeweils g\u00fcltigen Hygienevorschriften sind einzuhalten. Die Musterhygienepl\u00e4ne werden fortgeschrieben<\/span><\/li>\n<li><span style=\"font-size: 12pt;\">Die Testpflicht f\u00fcr Sch\u00fclerinnen und Sch\u00fcler und p\u00e4dagogisches Personal wird bis auf Weiteres beibehalten.<\/span><\/li>\n<li><span style=\"font-size: 12pt;\">F\u00fcr die <strong>ersten Unterrichtswochen nach den Sommerferien<\/strong> gelten besondere Infektionsschutzma\u00dfnahmen, um eine erneute Ausbreitung des Corona-Virus zu verhindern: Das p\u00e4dagogische Personal testet sich bereits w\u00e4hrend der Pr\u00e4senztage. Sch\u00fclerinnen und Sch\u00fcler werden in ihrer ersten Schulwoche sogar dreimal getestet, danach zweimal pro Woche. Es besteht eine Pflicht zur Mund-Nasen-Bedeckung in allen Schulr\u00e4umen.<\/span><\/li>\n<li><span style=\"font-size: 12pt;\">Zur Beobachtung und Einsch\u00e4tzung des Infektionsgeschehens und entsprechender Regulierung wird weiterhin jeden Donnerstag eine Abstimmung zwischen Schulaufsicht und Gesundheitsamt stattfinden.<\/span><\/li>\n<li><span style=\"font-size: 12pt;\">Der Handlungsrahmen f\u00fcr die p\u00e4dagogische Arbeit an den Schulen wird f\u00fcr das Schuljahr 2021\/22 weiterhin gelten und entsprechend der neuen Bedingungen \u00fcberarbeitet. F\u00fcr die Unterrichtsf\u00e4cher wird es erneut begleitende Fachbriefe geben.<\/span><\/li>\n<\/ul>\n<\/div>\n<\/div>\n<\/div>\n<\/div>\n<\/div>\n<\/div>\n<\/div>\n<div class=\"span3 column-right html5-aside\" role=\"complementary\">\n<div class=\"html5-section content-marginal\">\n<div class=\"html5-section modul-contactinclude\">\n<div class=\"html5-section block modul-text_bild\">\n<div class=\"html5-section body\">\n<div class=\"text textalignleft\">&nbsp;<\/div>\n<\/div>\n<\/div>\n<\/div>\n<\/div>\n<\/div>\n<\/div>\n<\/div>\n<\/div>\n<\/div>\n<div id=\"layout-grid__area--contentfooter\" class=\"kiekma\">&nbsp;<\/div>\n","protected":false},"excerpt":{"rendered":"<p>Pressemitteilung der Senatsverwaltung vom 01.06.2021 (Link) An den Berliner Schulen findet aktuell in allen Jahrgangsstufen Unterricht in halber Klassenst\u00e4rke im Wechselmodell statt. Vor dem Hintergrund der j\u00fcngsten Eilentscheidung des Berliner&hellip;<\/p>\n","protected":false},"author":2,"featured_media":0,"comment_status":"closed","ping_status":"closed","sticky":false,"template":"","format":"standard","meta":{"ngg_post_thumbnail":0,"footnotes":""},"categories":[4],"tags":[],"class_list":["post-4967","post","type-post","status-publish","format-standard","hentry","category-neuigkeiten","category-4","description-off"],"_links":{"self":[{"href":"https:\/\/www.grundschuleplantagenstrasse.de\/index.php?rest_route=\/wp\/v2\/posts\/4967","targetHints":{"allow":["GET"]}}],"collection":[{"href":"https:\/\/www.grundschuleplantagenstrasse.de\/index.php?rest_route=\/wp\/v2\/posts"}],"about":[{"href":"https:\/\/www.grundschuleplantagenstrasse.de\/index.php?rest_route=\/wp\/v2\/types\/post"}],"author":[{"embeddable":true,"href":"https:\/\/www.grundschuleplantagenstrasse.de\/index.php?rest_route=\/wp\/v2\/users\/2"}],"replies":[{"embeddable":true,"href":"https:\/\/www.grundschuleplantagenstrasse.de\/index.php?rest_route=%2Fwp%2Fv2%2Fcomments&post=4967"}],"version-history":[{"count":0,"href":"https:\/\/www.grundschuleplantagenstrasse.de\/index.php?rest_route=\/wp\/v2\/posts\/4967\/revisions"}],"wp:attachment":[{"href":"https:\/\/www.grundschuleplantagenstrasse.de\/index.php?rest_route=%2Fwp%2Fv2%2Fmedia&parent=4967"}],"wp:term":[{"taxonomy":"category","embeddable":true,"href":"https:\/\/www.grundschuleplantagenstrasse.de\/index.php?rest_route=%2Fwp%2Fv2%2Fcategories&post=4967"},{"taxonomy":"post_tag","embeddable":true,"href":"https:\/\/www.grundschuleplantagenstrasse.de\/index.php?rest_route=%2Fwp%2Fv2%2Ftags&post=4967"}],"curies":[{"name":"wp","href":"https:\/\/api.w.org\/{rel}","templated":true}]}}