{"id":448,"date":"2018-07-31T09:04:29","date_gmt":"2018-07-31T07:04:29","guid":{"rendered":"http:\/\/www.plantage34.de\/?p=448"},"modified":"2018-08-01T16:20:35","modified_gmt":"2018-08-01T14:20:35","slug":"hort-startet","status":"publish","type":"post","link":"https:\/\/www.grundschuleplantagenstrasse.de\/?p=448","title":{"rendered":"Hort startet!"},"content":{"rendered":"<p style=\"text-align: justify;\"><span style=\"font-size: 14pt;\"><strong><span style=\"color: #000000; font-family: tahoma, arial, helvetica, sans-serif;\">Am 01.08.2018 f\u00e4llt der Startschuss f\u00fcr unser neues Projekt in der Plantagenstra\u00dfe. Um die ersten Kinder begr\u00fc\u00dfen zu k\u00f6nnen, mussten wir den Auszug der Volkshochschule abwarten.<\/span><\/strong><\/span><\/p>\n<p style=\"text-align: justify;\"><span style=\"color: #000000; font-family: tahoma, arial, helvetica, sans-serif; font-size: 12pt;\"><strong><img loading=\"lazy\" decoding=\"async\" class=\"size-thumbnail wp-image-449 alignright\" src=\"http:\/\/www.plantage34.de\/wp-content\/uploads\/2018\/07\/1-150x150.jpg\" alt=\"\" width=\"150\" height=\"150\" \/>Am 16.07. war es dann endlich soweit: Wir konnten mit den Renovierungsarbeiten beginnen.<\/strong> Eine neue Schule bedeutet eine neue Herausforderung. Wir haben sie angenommen und bew\u00e4ltigen jeden Tag ein St\u00fcck mehr.<\/span><\/p>\n<p style=\"text-align: justify;\"><span style=\"color: #000000; font-family: tahoma, arial, helvetica, sans-serif; font-size: 12pt;\"><img loading=\"lazy\" decoding=\"async\" class=\"size-full wp-image-450 alignleft\" src=\"http:\/\/www.plantage34.de\/wp-content\/uploads\/2018\/07\/2.jpg\" alt=\"\" width=\"251\" height=\"188\" \/>Unsere <strong>Tresenwand<\/strong> bekam einen neuen Anstrich und gl\u00e4nzt jetzt wieder im sch\u00f6nsten Wei\u00df.<\/span><\/p>\n<p style=\"text-align: justify;\"><span style=\"color: #000000; font-family: tahoma, arial, helvetica, sans-serif; font-size: 12pt;\">Auch einen kleinen <strong>Sch\u00f6nheitsanstrich<\/strong> haben wir vorgenommen.<\/span><\/p>\n<p style=\"text-align: justify;\"><span style=\"color: #000000; font-family: tahoma, arial, helvetica, sans-serif; font-size: 12pt;\">Dann ging es an die teambildenden Ma\u00dfnahmen. <strong>Regale aufbauen!!!<\/strong><\/span><br \/>\n<span style=\"color: #000000; font-family: tahoma, arial, helvetica, sans-serif; font-size: 12pt;\"> Nach und nach entstand ein Regal nach dem anderen. Teambildende Ma\u00dfnahmen f\u00fcr das erste erfolgreich abgeschlossen.<\/span><\/p>\n<p style=\"text-align: justify;\"><span style=\"color: #000000; font-family: tahoma, arial, helvetica, sans-serif; font-size: 12pt;\"><strong><img loading=\"lazy\" decoding=\"async\" class=\"size-full wp-image-451 alignright\" src=\"http:\/\/www.plantage34.de\/wp-content\/uploads\/2018\/07\/3.jpg\" alt=\"\" width=\"251\" height=\"188\" \/>Nun ging es an die St\u00fchle und Tische<\/strong>. Nachdem wir die St\u00fchle relativ schnell zusammengeschraubt hatten, raubten uns die Tische fast den letzten Nerv.<\/span><\/p>\n<p style=\"text-align: justify;\"><span style=\"color: #000000; font-family: tahoma, arial, helvetica, sans-serif; font-size: 12pt;\">Mit viel Humor schafften wir es dann aber doch, alle Tische aufzubauen und die Tischbeine akkurat mit der Tischplatte zu verschrauben.<\/span><\/p>\n<p style=\"text-align: justify;\"><span style=\"color: #000000; font-family: tahoma, arial, helvetica, sans-serif; font-size: 12pt;\"><strong><img loading=\"lazy\" decoding=\"async\" class=\"size-full wp-image-452 alignleft\" src=\"http:\/\/www.plantage34.de\/wp-content\/uploads\/2018\/07\/4.jpg\" alt=\"\" width=\"251\" height=\"188\" \/>Endlich konnten wir die Regale einr\u00e4umen und der Raum strahlt im neuen Glanz.<\/strong><\/span><\/p>\n<p style=\"text-align: justify;\"><span style=\"color: #000000; font-family: tahoma, arial, helvetica, sans-serif; font-size: 12pt;\">Unsere <strong>Infotafel<\/strong> ist auch bereit gelesen zu werden und freut sich schon auf neugierige Eltern.<\/span><\/p>\n<p><span style=\"color: #000000; font-family: tahoma, arial, helvetica, sans-serif; font-size: 12pt;\"><em><img loading=\"lazy\" decoding=\"async\" class=\"size-full wp-image-453 alignright\" src=\"http:\/\/www.plantage34.de\/wp-content\/uploads\/2018\/07\/5.jpg\" alt=\"\" width=\"251\" height=\"188\" \/><\/em><\/span> <span style=\"color: #000000; font-family: tahoma, arial, helvetica, sans-serif; font-size: 12pt;\">?<\/span><\/p>\n<p style=\"text-align: justify;\"><span style=\"color: #000000; font-family: tahoma, arial, helvetica, sans-serif; font-size: 12pt;\"><em><br \/>\nSarah Zimmermann (Bezugserzieherin Kl. 1a)<br \/>\n<\/em><\/span><\/p>\n<p style=\"text-align: justify;\"><span style=\"font-size: 10pt;\"><em><span style=\"color: #000000; font-family: tahoma, arial, helvetica, sans-serif;\">Quelle: https:\/\/optimus.diebildungspartner.de\/aufbau-der-neuen-grundschule-in-der-plantagenstrasse\/<\/span><\/em><\/span><\/p>\n","protected":false},"excerpt":{"rendered":"<p>Am 01.08.2018 f\u00e4llt der Startschuss f\u00fcr unser neues Projekt in der Plantagenstra\u00dfe. Um die ersten Kinder begr\u00fc\u00dfen zu k\u00f6nnen, mussten wir den Auszug der Volkshochschule abwarten. Am 16.07. war es&hellip;<\/p>\n","protected":false},"author":1,"featured_media":0,"comment_status":"closed","ping_status":"closed","sticky":false,"template":"","format":"standard","meta":{"ngg_post_thumbnail":0,"footnotes":""},"categories":[4,6],"tags":[],"class_list":["post-448","post","type-post","status-publish","format-standard","hentry","category-neuigkeiten","category-neuigkeiten-ganztag","category-4","category-6","description-off"],"_links":{"self":[{"href":"https:\/\/www.grundschuleplantagenstrasse.de\/index.php?rest_route=\/wp\/v2\/posts\/448","targetHints":{"allow":["GET"]}}],"collection":[{"href":"https:\/\/www.grundschuleplantagenstrasse.de\/index.php?rest_route=\/wp\/v2\/posts"}],"about":[{"href":"https:\/\/www.grundschuleplantagenstrasse.de\/index.php?rest_route=\/wp\/v2\/types\/post"}],"author":[{"embeddable":true,"href":"https:\/\/www.grundschuleplantagenstrasse.de\/index.php?rest_route=\/wp\/v2\/users\/1"}],"replies":[{"embeddable":true,"href":"https:\/\/www.grundschuleplantagenstrasse.de\/index.php?rest_route=%2Fwp%2Fv2%2Fcomments&post=448"}],"version-history":[{"count":11,"href":"https:\/\/www.grundschuleplantagenstrasse.de\/index.php?rest_route=\/wp\/v2\/posts\/448\/revisions"}],"predecessor-version":[{"id":464,"href":"https:\/\/www.grundschuleplantagenstrasse.de\/index.php?rest_route=\/wp\/v2\/posts\/448\/revisions\/464"}],"wp:attachment":[{"href":"https:\/\/www.grundschuleplantagenstrasse.de\/index.php?rest_route=%2Fwp%2Fv2%2Fmedia&parent=448"}],"wp:term":[{"taxonomy":"category","embeddable":true,"href":"https:\/\/www.grundschuleplantagenstrasse.de\/index.php?rest_route=%2Fwp%2Fv2%2Fcategories&post=448"},{"taxonomy":"post_tag","embeddable":true,"href":"https:\/\/www.grundschuleplantagenstrasse.de\/index.php?rest_route=%2Fwp%2Fv2%2Ftags&post=448"}],"curies":[{"name":"wp","href":"https:\/\/api.w.org\/{rel}","templated":true}]}}