{"id":3942,"date":"2020-11-18T20:25:04","date_gmt":"2020-11-18T19:25:04","guid":{"rendered":"https:\/\/www.plantage34.de\/?p=3942"},"modified":"2020-11-18T20:25:04","modified_gmt":"2020-11-18T19:25:04","slug":"gruselspass-in-der-plantage","status":"publish","type":"post","link":"https:\/\/www.grundschuleplantagenstrasse.de\/?p=3942","title":{"rendered":"Gruselspa\u00df in der Plantage"},"content":{"rendered":"<p><img loading=\"lazy\" decoding=\"async\" class=\" wp-image-3951 aligncenter\" src=\"https:\/\/www.plantage34.de\/wp-content\/uploads\/2020\/11\/IMG_8498-300x225.jpg\" alt=\"\" width=\"393\" height=\"295\" srcset=\"https:\/\/www.grundschuleplantagenstrasse.de\/wp-content\/uploads\/2020\/11\/IMG_8498-300x225.jpg 300w, https:\/\/www.grundschuleplantagenstrasse.de\/wp-content\/uploads\/2020\/11\/IMG_8498.jpg 320w\" sizes=\"auto, (max-width: 393px) 100vw, 393px\" \/><span style=\"font-family: arial, helvetica, sans-serif; font-size: 12pt;\">Halloween in Zeiten von Corona <\/span><\/p>\n<p><span style=\"font-size: 12pt; font-family: arial, helvetica, sans-serif;\">Wie k\u00f6nnen wir als Schulgemeinschaft das Gruselfest feiern und gleichzeitig die Hygieneregeln beibehalten? Geht das? Nat\u00fcrlich! Denn nach wie vor versuchen wir als Team den Kindern den Alltag so vielf\u00e4ltig und angenehm wie m\u00f6glich zu gestalten. &nbsp;<\/span><\/p>\n<p><span style=\"font-size: 12pt; font-family: arial, helvetica, sans-serif;\">Niko und ich, die gro\u00dfe Halloween Fans sind, haben es uns zur Aufgabe gemacht, einen Gruselraum f\u00fcr die Kinder zu gestalten. Dabei haben uns die Kolleg*innen mit ihrer gro\u00dfartigen Deko unterst\u00fctzt und auch wir haben das ein oder andere Skelett mitgebracht. Unser Bauraum wurde so schnell zu einem Ort der Fantasie und des Gruselns mit Spinnen, Flederm\u00e4usen und Gruselmusik. &nbsp;<\/span><\/p>\n<p><span style=\"font-size: 12pt; font-family: arial, helvetica, sans-serif;\">Am 04.11. war es dann endlich soweit. Dieser Tag wurde offiziell zu unserem Halloween-Tag, und die Kinder durften verkleidet in die Schule kommen, wo die Lehrer*innen sie schon im schaurig sch\u00f6nen Unterricht erwarteten.&nbsp;Ab 14 Uhr&nbsp;durften jeweils 6 Kinder einer Kohorte den Gruselraum betreten. Nat\u00fcrlich nur mit Maske. Niko und Kati (Coraline), die Gruselspezialisten, f\u00fchrten die Kinder durch Spinnens\u00fcmpfe, Schlossgem\u00e4uer und verwunschenen Galerien. Die Kinder mussten \u00fcber knarzende B\u00f6den laufen, Truhen mit Gebeinen \u00f6ffnen und den Torw\u00e4chter am Wackelzahn ziehen. Es wurde geschrien, gequietscht und ganz viel gelacht. Mara, unsere tolle FSJlerin, hat sowohl beim Auf- und Abbau geholfen als auch als Gruselhexe ganze Arbeit geleistet und schlie\u00dflich verlie\u00dfen die Kinder gl\u00fccklich, aber auch mit ein wenig Herzklopfen unser Gruselgem\u00e4uer. Am darauffolgenden Tag durfte Kohorte 1 sich noch hindurch trauen, denn so ein Gruselabenteuer braucht seine Zeit. Auch da wurde flei\u00dfig geschrien und gelacht. &nbsp;<\/span><\/p>\n<p><span style=\"font-size: 12pt; font-family: arial, helvetica, sans-serif;\">Zwei mutige Lehrerinnen und unsere Schulleitung haben sich auch getraut, was auf jeden Fall ein kleines Highlight wurde, denn wir haben es geschafft, sie ordentlich zu erschrecken. &nbsp;<\/span><\/p>\n<p><span style=\"font-size: 12pt; font-family: arial, helvetica, sans-serif;\">Es war ein gro\u00dfer Spa\u00df und wir freuen uns schon auf n\u00e4chstes Jahr! &nbsp;<\/span><\/p>\n<p><span style=\"font-size: 12pt; font-family: arial, helvetica, sans-serif;\"><b>Vielen Dank an das tolle Team, was uns tatkr\u00e4ftig unterst\u00fctzt hat!&nbsp;<\/b><\/span><\/p>\n<p><span style=\"font-size: 12pt; font-family: arial, helvetica, sans-serif;\">Kati, Niko und Mara &nbsp;<\/span><\/p>\n<p><span style=\"font-family: arial, helvetica, sans-serif;\"><strong><span style=\"font-size: 12pt;\">&nbsp;<\/span><\/strong><\/span><\/p>\n<p>&nbsp;<\/p>\n","protected":false},"excerpt":{"rendered":"<p>Halloween in Zeiten von Corona Wie k\u00f6nnen wir als Schulgemeinschaft das Gruselfest feiern und gleichzeitig die Hygieneregeln beibehalten? Geht das? Nat\u00fcrlich! Denn nach wie vor versuchen wir als Team den&hellip;<\/p>\n","protected":false},"author":2,"featured_media":0,"comment_status":"closed","ping_status":"closed","sticky":false,"template":"","format":"standard","meta":{"ngg_post_thumbnail":0,"footnotes":""},"categories":[4],"tags":[],"class_list":["post-3942","post","type-post","status-publish","format-standard","hentry","category-neuigkeiten","category-4","description-off"],"_links":{"self":[{"href":"https:\/\/www.grundschuleplantagenstrasse.de\/index.php?rest_route=\/wp\/v2\/posts\/3942","targetHints":{"allow":["GET"]}}],"collection":[{"href":"https:\/\/www.grundschuleplantagenstrasse.de\/index.php?rest_route=\/wp\/v2\/posts"}],"about":[{"href":"https:\/\/www.grundschuleplantagenstrasse.de\/index.php?rest_route=\/wp\/v2\/types\/post"}],"author":[{"embeddable":true,"href":"https:\/\/www.grundschuleplantagenstrasse.de\/index.php?rest_route=\/wp\/v2\/users\/2"}],"replies":[{"embeddable":true,"href":"https:\/\/www.grundschuleplantagenstrasse.de\/index.php?rest_route=%2Fwp%2Fv2%2Fcomments&post=3942"}],"version-history":[{"count":11,"href":"https:\/\/www.grundschuleplantagenstrasse.de\/index.php?rest_route=\/wp\/v2\/posts\/3942\/revisions"}],"predecessor-version":[{"id":3960,"href":"https:\/\/www.grundschuleplantagenstrasse.de\/index.php?rest_route=\/wp\/v2\/posts\/3942\/revisions\/3960"}],"wp:attachment":[{"href":"https:\/\/www.grundschuleplantagenstrasse.de\/index.php?rest_route=%2Fwp%2Fv2%2Fmedia&parent=3942"}],"wp:term":[{"taxonomy":"category","embeddable":true,"href":"https:\/\/www.grundschuleplantagenstrasse.de\/index.php?rest_route=%2Fwp%2Fv2%2Fcategories&post=3942"},{"taxonomy":"post_tag","embeddable":true,"href":"https:\/\/www.grundschuleplantagenstrasse.de\/index.php?rest_route=%2Fwp%2Fv2%2Ftags&post=3942"}],"curies":[{"name":"wp","href":"https:\/\/api.w.org\/{rel}","templated":true}]}}