{"id":2083,"date":"2019-09-16T17:17:01","date_gmt":"2019-09-16T15:17:01","guid":{"rendered":"https:\/\/www.plantage34.de\/?p=2083"},"modified":"2019-09-16T21:07:28","modified_gmt":"2019-09-16T19:07:28","slug":"die-tiger-und-die-bienen","status":"publish","type":"post","link":"https:\/\/www.grundschuleplantagenstrasse.de\/?p=2083","title":{"rendered":"Die Tiger und die Bienen"},"content":{"rendered":"<p style=\"text-align: justify;\"><span style=\"font-size: 14pt;\"><strong><span style=\"color: #000000; font-family: arial, helvetica, sans-serif;\"><img loading=\"lazy\" decoding=\"async\" class=\"alignleft\" src=\"https:\/\/www.clipart-kiste.de\/archiv\/Tiere\/Bienen\/biene_59.gif\" width=\"50\" height=\"81\" border=\"0\">Der erste Ausflug unserer Klasse 2a in die Bibliothek stand an.<\/span><\/strong><\/span><\/p>\n<p style=\"text-align: justify;\"><span style=\"color: #333300; font-family: arial, helvetica, sans-serif; font-size: 12pt;\">Passend zu unserem derzeitigen Sachkundethema <em>\u201eBienen, Hummeln, Hornissen und Wespen\u201c<\/em> lernten wir &#8222;Hummel Lilly&#8220;, die eine Allergie gegen Bl\u00fctenstaub hat, kennen.<\/span><\/p>\n<p><img loading=\"lazy\" decoding=\"async\" class=\"alignleft size-thumbnail wp-image-2089\" src=\"https:\/\/www.plantage34.de\/wp-content\/uploads\/2019\/09\/K800_image4-e1568523775725-150x150.jpg\" alt=\"\" width=\"150\" height=\"150\"> <img loading=\"lazy\" decoding=\"async\" class=\"alignleft size-thumbnail wp-image-2090\" src=\"https:\/\/www.plantage34.de\/wp-content\/uploads\/2019\/09\/K800_image5-e1568523784572-150x150.jpg\" alt=\"\" width=\"150\" height=\"150\"> <img loading=\"lazy\" decoding=\"async\" class=\"alignleft size-thumbnail wp-image-2091\" src=\"https:\/\/www.plantage34.de\/wp-content\/uploads\/2019\/09\/K800_image6-e1568523793383-150x150.jpg\" alt=\"\" width=\"150\" height=\"150\"> <img loading=\"lazy\" decoding=\"async\" class=\"alignleft size-thumbnail wp-image-2092\" src=\"https:\/\/www.plantage34.de\/wp-content\/uploads\/2019\/09\/K800_image7-e1568523803335-150x150.jpg\" alt=\"\" width=\"150\" height=\"150\"><\/p>\n<p style=\"text-align: justify;\"><span style=\"color: #333300; font-family: arial, helvetica, sans-serif; font-size: 12pt;\">Und im gezeigten Sachbuch \u00fcber Bienen konnten die Sch\u00fcler Frau Smisniak aus der Bibliothek sogar Dinge erkl\u00e4ren, die sie selber noch nicht wusste (dar\u00fcber war die Sachkundelehrerin nat\u00fcrlich sehr gl\u00fccklich und stolz ?).<\/span><\/p>\n<p style=\"text-align: justify;\"><span style=\"color: #333300; font-family: arial, helvetica, sans-serif; font-size: 12pt;\"><img loading=\"lazy\" decoding=\"async\" class=\"size-full wp-image-2105 aligncenter\" src=\"https:\/\/www.plantage34.de\/wp-content\/uploads\/2019\/09\/K800_a-e1568660630419.jpg\" alt=\"\" width=\"640\" height=\"480\" srcset=\"https:\/\/www.grundschuleplantagenstrasse.de\/wp-content\/uploads\/2019\/09\/K800_a-e1568660630419.jpg 640w, https:\/\/www.grundschuleplantagenstrasse.de\/wp-content\/uploads\/2019\/09\/K800_a-e1568660630419-300x225.jpg 300w\" sizes=\"auto, (max-width: 640px) 100vw, 640px\" \/><img loading=\"lazy\" decoding=\"async\" class=\"wp-image-2095 size-full aligncenter\" src=\"https:\/\/www.plantage34.de\/wp-content\/uploads\/2019\/09\/K800_image11-e1568523979840.jpg\" alt=\"\" width=\"638\" height=\"361\" srcset=\"https:\/\/www.grundschuleplantagenstrasse.de\/wp-content\/uploads\/2019\/09\/K800_image11-e1568523979840.jpg 638w, https:\/\/www.grundschuleplantagenstrasse.de\/wp-content\/uploads\/2019\/09\/K800_image11-e1568523979840-300x170.jpg 300w\" sizes=\"auto, (max-width: 638px) 100vw, 638px\" \/><\/span><\/p>\n<p style=\"text-align: justify;\"><span style=\"color: #333300; font-family: arial, helvetica, sans-serif; font-size: 12pt;\">Anschlie\u00dfend hatten die Sch\u00fcler Zeit, ein bisschen selber zu st\u00f6bern. Jeder suchte sich zum Schluss ein Buch aus, das nun im Klassenzimmer gelesen werden kann.<\/span><\/p>\n<p><img loading=\"lazy\" decoding=\"async\" class=\"size-full wp-image-2097 aligncenter\" src=\"https:\/\/www.plantage34.de\/wp-content\/uploads\/2019\/09\/K800_image13-e1568523854507.jpg\" alt=\"\" width=\"640\" height=\"480\" srcset=\"https:\/\/www.grundschuleplantagenstrasse.de\/wp-content\/uploads\/2019\/09\/K800_image13-e1568523854507.jpg 640w, https:\/\/www.grundschuleplantagenstrasse.de\/wp-content\/uploads\/2019\/09\/K800_image13-e1568523854507-300x225.jpg 300w\" sizes=\"auto, (max-width: 640px) 100vw, 640px\" \/><\/p>\n<p style=\"text-align: justify;\"><span style=\"color: #333300; font-family: arial, helvetica, sans-serif; font-size: 12pt;\">Wir freuen uns schon auf unseren n\u00e4chsten Bibliotheksbesuch!<\/span><\/p>\n<p style=\"text-align: justify;\"><span style=\"font-size: 12pt; font-family: arial, helvetica, sans-serif; color: #000000;\">Heute gab es dann Unterricht mit allen Sinnen:<\/span><br \/>\n<span style=\"font-size: 12pt; font-family: arial, helvetica, sans-serif; color: #000000;\">Nachdem wir schon viel \u00fcber Bienen gesehen und geh\u00f6rt hatten und Ylvi uns sogar einen Honigrahmen mitgebracht hatte, an dem wir Honig und Wachs riechen und f\u00fchlen konnten, schlossen wir unser Thema mit einem Honigfr\u00fchst\u00fcck ab. <\/span><\/p>\n<p><img loading=\"lazy\" decoding=\"async\" class=\"alignleft wp-image-2094 size-medium\" src=\"https:\/\/www.plantage34.de\/wp-content\/uploads\/2019\/09\/K800_image10-e1568523822820-225x300.jpg\" alt=\"\" width=\"225\" height=\"300\" srcset=\"https:\/\/www.grundschuleplantagenstrasse.de\/wp-content\/uploads\/2019\/09\/K800_image10-e1568523822820-225x300.jpg 225w, https:\/\/www.grundschuleplantagenstrasse.de\/wp-content\/uploads\/2019\/09\/K800_image10-e1568523822820.jpg 480w\" sizes=\"auto, (max-width: 225px) 100vw, 225px\" \/> <img loading=\"lazy\" decoding=\"async\" class=\"alignleft wp-image-2093 size-medium\" src=\"https:\/\/www.plantage34.de\/wp-content\/uploads\/2019\/09\/K800_image9-e1568523813943-225x300.jpg\" alt=\"\" width=\"225\" height=\"300\" srcset=\"https:\/\/www.grundschuleplantagenstrasse.de\/wp-content\/uploads\/2019\/09\/K800_image9-e1568523813943-225x300.jpg 225w, https:\/\/www.grundschuleplantagenstrasse.de\/wp-content\/uploads\/2019\/09\/K800_image9-e1568523813943.jpg 480w\" sizes=\"auto, (max-width: 225px) 100vw, 225px\" \/><\/p>\n<p style=\"text-align: justify;\"><span style=\"font-size: 12pt; font-family: arial, helvetica, sans-serif; color: #000000;\">Anschlie\u00dfend st\u00f6berten wir noch in der aus der B\u00fccherei ausgeliehenen B\u00fccherkiste zum Thema.<\/span><br \/>\n<span style=\"font-size: 12pt; font-family: arial, helvetica, sans-serif; color: #000000;\">Was f\u00fcr ein leckerer Schultag und sch\u00f6ner Wochenabschluss!<\/span><\/p>\n<p style=\"text-align: justify;\"><span style=\"font-size: 12pt; font-family: arial, helvetica, sans-serif; color: #000000;\">Geschrieben von Alexandra Ferrary, Klassenlehrerin Tigerklasse (2A)<\/span><\/p>\n<p><span style=\"color: #000000; font-family: arial, helvetica, sans-serif; font-size: 14pt;\"><strong>Wespengeschichten der Tigerklasse<\/strong><\/span><\/p>\n<p><img loading=\"lazy\" decoding=\"async\" class=\"alignleft size-full wp-image-2087\" src=\"https:\/\/www.plantage34.de\/wp-content\/uploads\/2019\/09\/K800_image2.jpg\" alt=\"\" width=\"640\" height=\"480\" srcset=\"https:\/\/www.grundschuleplantagenstrasse.de\/wp-content\/uploads\/2019\/09\/K800_image2.jpg 640w, https:\/\/www.grundschuleplantagenstrasse.de\/wp-content\/uploads\/2019\/09\/K800_image2-300x225.jpg 300w\" sizes=\"auto, (max-width: 640px) 100vw, 640px\" \/> <img loading=\"lazy\" decoding=\"async\" class=\"alignleft size-full wp-image-2088\" src=\"https:\/\/www.plantage34.de\/wp-content\/uploads\/2019\/09\/K800_image3.jpg\" alt=\"\" width=\"640\" height=\"480\" srcset=\"https:\/\/www.grundschuleplantagenstrasse.de\/wp-content\/uploads\/2019\/09\/K800_image3.jpg 640w, https:\/\/www.grundschuleplantagenstrasse.de\/wp-content\/uploads\/2019\/09\/K800_image3-300x225.jpg 300w\" sizes=\"auto, (max-width: 640px) 100vw, 640px\" \/> <img loading=\"lazy\" decoding=\"async\" class=\"alignleft size-full wp-image-2086\" src=\"https:\/\/www.plantage34.de\/wp-content\/uploads\/2019\/09\/K800_image1.jpg\" alt=\"\" width=\"640\" height=\"480\" srcset=\"https:\/\/www.grundschuleplantagenstrasse.de\/wp-content\/uploads\/2019\/09\/K800_image1.jpg 640w, https:\/\/www.grundschuleplantagenstrasse.de\/wp-content\/uploads\/2019\/09\/K800_image1-300x225.jpg 300w\" sizes=\"auto, (max-width: 640px) 100vw, 640px\" \/><\/p>\n","protected":false},"excerpt":{"rendered":"<p>Der erste Ausflug unserer Klasse 2a in die Bibliothek stand an. Passend zu unserem derzeitigen Sachkundethema \u201eBienen, Hummeln, Hornissen und Wespen\u201c lernten wir &#8222;Hummel Lilly&#8220;, die eine Allergie gegen Bl\u00fctenstaub&hellip;<\/p>\n","protected":false},"author":1,"featured_media":0,"comment_status":"closed","ping_status":"closed","sticky":false,"template":"","format":"standard","meta":{"ngg_post_thumbnail":0,"footnotes":""},"categories":[7,4],"tags":[],"class_list":["post-2083","post","type-post","status-publish","format-standard","hentry","category-3a-fr-ferrary","category-neuigkeiten","category-7","category-4","description-off"],"_links":{"self":[{"href":"https:\/\/www.grundschuleplantagenstrasse.de\/index.php?rest_route=\/wp\/v2\/posts\/2083","targetHints":{"allow":["GET"]}}],"collection":[{"href":"https:\/\/www.grundschuleplantagenstrasse.de\/index.php?rest_route=\/wp\/v2\/posts"}],"about":[{"href":"https:\/\/www.grundschuleplantagenstrasse.de\/index.php?rest_route=\/wp\/v2\/types\/post"}],"author":[{"embeddable":true,"href":"https:\/\/www.grundschuleplantagenstrasse.de\/index.php?rest_route=\/wp\/v2\/users\/1"}],"replies":[{"embeddable":true,"href":"https:\/\/www.grundschuleplantagenstrasse.de\/index.php?rest_route=%2Fwp%2Fv2%2Fcomments&post=2083"}],"version-history":[{"count":9,"href":"https:\/\/www.grundschuleplantagenstrasse.de\/index.php?rest_route=\/wp\/v2\/posts\/2083\/revisions"}],"predecessor-version":[{"id":2106,"href":"https:\/\/www.grundschuleplantagenstrasse.de\/index.php?rest_route=\/wp\/v2\/posts\/2083\/revisions\/2106"}],"wp:attachment":[{"href":"https:\/\/www.grundschuleplantagenstrasse.de\/index.php?rest_route=%2Fwp%2Fv2%2Fmedia&parent=2083"}],"wp:term":[{"taxonomy":"category","embeddable":true,"href":"https:\/\/www.grundschuleplantagenstrasse.de\/index.php?rest_route=%2Fwp%2Fv2%2Fcategories&post=2083"},{"taxonomy":"post_tag","embeddable":true,"href":"https:\/\/www.grundschuleplantagenstrasse.de\/index.php?rest_route=%2Fwp%2Fv2%2Ftags&post=2083"}],"curies":[{"name":"wp","href":"https:\/\/api.w.org\/{rel}","templated":true}]}}