{"id":1713,"date":"2019-05-23T04:54:35","date_gmt":"2019-05-23T02:54:35","guid":{"rendered":"https:\/\/www.plantage34.de\/?p=1713"},"modified":"2019-05-23T04:54:35","modified_gmt":"2019-05-23T02:54:35","slug":"entenstaffel-2019-wir-sind-dabei","status":"publish","type":"post","link":"https:\/\/www.grundschuleplantagenstrasse.de\/?p=1713","title":{"rendered":"Entenstaffel 2019&#8230;wir sind dabei!"},"content":{"rendered":"<p style=\"text-align: center;\"><span style=\"font-family: comic sans ms, sans-serif; color: #000000; font-size: 24pt;\"><strong>Auf die Pl\u00e4tze \u2026 fertig \u2026 los\u2026!<\/strong><\/span><\/p>\n<p style=\"text-align: center;\"><span style=\"font-family: comic sans ms, sans-serif; color: #000000; font-size: 18pt;\"><strong>Wir nehmen an unserem ersten Wettkampf teil! <\/strong><strong>?<\/strong><\/span><\/p>\n<p style=\"text-align: center;\"><span style=\"font-family: comic sans ms, sans-serif; color: #000000; font-size: 12pt;\"><strong>Am Donnerstag, den 6. Juni starten wir um 11 Uhr mit einer Staffel bei der<\/strong><\/span><\/p>\n<p style=\"text-align: center;\"><span style=\"font-family: comic sans ms, sans-serif; color: #000000; font-size: 18pt;\">23. Entenstaffel Steglitz-Zehlendorf<\/span><\/p>\n<p><img loading=\"lazy\" decoding=\"async\" class=\" wp-image-1729 aligncenter\" src=\"https:\/\/www.plantage34.de\/wp-content\/uploads\/2019\/05\/Entenstaffel.jpg\" alt=\"\" width=\"307\" height=\"153\" srcset=\"https:\/\/www.grundschuleplantagenstrasse.de\/wp-content\/uploads\/2019\/05\/Entenstaffel.jpg 2232w, https:\/\/www.grundschuleplantagenstrasse.de\/wp-content\/uploads\/2019\/05\/Entenstaffel-300x149.jpg 300w, https:\/\/www.grundschuleplantagenstrasse.de\/wp-content\/uploads\/2019\/05\/Entenstaffel-768x382.jpg 768w, https:\/\/www.grundschuleplantagenstrasse.de\/wp-content\/uploads\/2019\/05\/Entenstaffel-1024x509.jpg 1024w\" sizes=\"auto, (max-width: 307px) 100vw, 307px\" \/><\/p>\n<p style=\"text-align: center;\"><span style=\"font-family: comic sans ms, sans-serif; color: #000000; font-size: 12pt;\"><strong>Unsere 10 schnellsten L\u00e4uferinnen und L\u00e4ufer werden jeweils 1 Kilometer<br \/>\ndurch den Stadtpark Steglitz rennen.<\/strong><\/span><\/p>\n<p style=\"text-align: center;\"><span style=\"font-family: comic sans ms, sans-serif; color: #000000; font-size: 12pt;\">Alle anderen Kinder und das gesamte Team der<br \/>\nNeuen Grundschule in der Plantagenstra\u00dfe werden an der Laufstrecke stehen und<br \/>\nunsere L\u00e4uferinnen und L\u00e4ufer lautstark unterst\u00fctzen.<\/span><\/p>\n<p style=\"text-align: center;\"><span style=\"font-family: comic sans ms, sans-serif; color: #000000; font-size: 12pt;\">\u00dcber weitere Unterst\u00fctzung von Eltern, Gro\u00dfeltern, Verwandten, Freunden und Bekannten w\u00fcrden wir uns riesig freuen.<\/span><\/p>\n<p style=\"text-align: center;\"><span style=\"font-family: comic sans ms, sans-serif; color: #000000; font-size: 12pt;\">Laut Insider-Informationen soll es am Ende eventuell noch Gummi-Enten regnen&#8230; ?<\/span><\/p>\n<p style=\"text-align: center;\"><span style=\"font-family: comic sans ms, sans-serif; color: #000000; font-size: 12pt;\">Wir freuen uns auf unseren ersten Wettkampf,<br \/>\n<\/span><span style=\"font-family: comic sans ms, sans-serif; color: #000000; font-size: 12pt;\">denn f\u00fcr uns z\u00e4hlt allein das Mitmachen!<\/span><\/p>\n<p style=\"text-align: center;\"><span style=\"font-family: comic sans ms, sans-serif; color: #000000;\">(C. Scholz)<\/span><\/p>\n","protected":false},"excerpt":{"rendered":"<p>Auf die Pl\u00e4tze \u2026 fertig \u2026 los\u2026! Wir nehmen an unserem ersten Wettkampf teil! ? Am Donnerstag, den 6. Juni starten wir um 11 Uhr mit einer Staffel bei der&hellip;<\/p>\n","protected":false},"author":1,"featured_media":0,"comment_status":"closed","ping_status":"closed","sticky":false,"template":"","format":"standard","meta":{"ngg_post_thumbnail":0,"footnotes":""},"categories":[4],"tags":[],"class_list":["post-1713","post","type-post","status-publish","format-standard","hentry","category-neuigkeiten","category-4","description-off"],"_links":{"self":[{"href":"https:\/\/www.grundschuleplantagenstrasse.de\/index.php?rest_route=\/wp\/v2\/posts\/1713","targetHints":{"allow":["GET"]}}],"collection":[{"href":"https:\/\/www.grundschuleplantagenstrasse.de\/index.php?rest_route=\/wp\/v2\/posts"}],"about":[{"href":"https:\/\/www.grundschuleplantagenstrasse.de\/index.php?rest_route=\/wp\/v2\/types\/post"}],"author":[{"embeddable":true,"href":"https:\/\/www.grundschuleplantagenstrasse.de\/index.php?rest_route=\/wp\/v2\/users\/1"}],"replies":[{"embeddable":true,"href":"https:\/\/www.grundschuleplantagenstrasse.de\/index.php?rest_route=%2Fwp%2Fv2%2Fcomments&post=1713"}],"version-history":[{"count":18,"href":"https:\/\/www.grundschuleplantagenstrasse.de\/index.php?rest_route=\/wp\/v2\/posts\/1713\/revisions"}],"predecessor-version":[{"id":1734,"href":"https:\/\/www.grundschuleplantagenstrasse.de\/index.php?rest_route=\/wp\/v2\/posts\/1713\/revisions\/1734"}],"wp:attachment":[{"href":"https:\/\/www.grundschuleplantagenstrasse.de\/index.php?rest_route=%2Fwp%2Fv2%2Fmedia&parent=1713"}],"wp:term":[{"taxonomy":"category","embeddable":true,"href":"https:\/\/www.grundschuleplantagenstrasse.de\/index.php?rest_route=%2Fwp%2Fv2%2Fcategories&post=1713"},{"taxonomy":"post_tag","embeddable":true,"href":"https:\/\/www.grundschuleplantagenstrasse.de\/index.php?rest_route=%2Fwp%2Fv2%2Ftags&post=1713"}],"curies":[{"name":"wp","href":"https:\/\/api.w.org\/{rel}","templated":true}]}}