{"id":1430,"date":"2019-03-08T07:53:35","date_gmt":"2019-03-08T06:53:35","guid":{"rendered":"https:\/\/www.plantage34.de\/?p=1430"},"modified":"2019-03-28T13:48:54","modified_gmt":"2019-03-28T12:48:54","slug":"helau-oder-alaaf-in-der-plantagenstrasse","status":"publish","type":"post","link":"https:\/\/www.grundschuleplantagenstrasse.de\/?p=1430","title":{"rendered":"Helau oder Alaaf in der Plantagenstra\u00dfe!"},"content":{"rendered":"<p style=\"text-align: justify;\"><strong><span style=\"color: #000000; font-family: trebuchet ms, geneva, sans-serif; font-size: 14pt;\">In der letzten Woche haben wir mit gro\u00dfem Eifer gebastelt und eine sch\u00f6ne Dekoration f\u00fcr unser Faschingsfest gestaltet.<\/span><\/strong><\/p>\n<p style=\"text-align: justify;\"><strong><span style=\"color: #000000; font-family: trebuchet ms, geneva, sans-serif; font-size: 12pt;\"><img loading=\"lazy\" decoding=\"async\" class=\"alignleft\" src=\"https:\/\/www.gif-paradies.de\/gifs\/ereignisse\/karneval\/karneval_0048.gif\" alt=\"\" width=\"129\" height=\"93\" border=\"0\">Am Faschingsdienstag war es dann endlich soweit!<\/span><\/strong><\/p>\n<p style=\"text-align: justify;\"><span style=\"color: #000000; font-family: trebuchet ms, geneva, sans-serif; font-size: 12pt;\">Piraten, Hexen, Indianer, Zauberer, Sportler, Star-Wars-Figuren, Superhelden, Pippi Langstrumpf, Tiere und viele andere Gestalten betraten p\u00fcnktlich um 8:15 Uhr das Schulhaus.<\/span><\/p>\n<p><img loading=\"lazy\" decoding=\"async\" class=\"alignnone size-full wp-image-1450\" src=\"https:\/\/www.plantage34.de\/wp-content\/uploads\/2019\/03\/K800_IMG_3231.jpg\" alt=\"\" width=\"900\" height=\"600\" srcset=\"https:\/\/www.grundschuleplantagenstrasse.de\/wp-content\/uploads\/2019\/03\/K800_IMG_3231.jpg 900w, https:\/\/www.grundschuleplantagenstrasse.de\/wp-content\/uploads\/2019\/03\/K800_IMG_3231-300x200.jpg 300w, https:\/\/www.grundschuleplantagenstrasse.de\/wp-content\/uploads\/2019\/03\/K800_IMG_3231-768x512.jpg 768w\" sizes=\"auto, (max-width: 900px) 100vw, 900px\" \/><\/p>\n<p style=\"text-align: justify;\"><span style=\"color: #000000; font-family: trebuchet ms, geneva, sans-serif; font-size: 12pt;\">Das Fest konnte beginnen! Nach einer gro\u00dfartigen Kost\u00fcmshow konnten sich alle am leckeren B\u00fcffet erfreuen. Die Eltern haben viele leckere K\u00f6stlichkeiten f\u00fcr uns zubereitet.<\/span><\/p>\n<p><img loading=\"lazy\" decoding=\"async\" class=\"aligncenter wp-image-1436 size-full\" src=\"https:\/\/www.plantage34.de\/wp-content\/uploads\/2019\/03\/K800_camphoto-1804928587-e1552027272299.jpg\" alt=\"\" width=\"458\" height=\"718\" srcset=\"https:\/\/www.grundschuleplantagenstrasse.de\/wp-content\/uploads\/2019\/03\/K800_camphoto-1804928587-e1552027272299.jpg 458w, https:\/\/www.grundschuleplantagenstrasse.de\/wp-content\/uploads\/2019\/03\/K800_camphoto-1804928587-e1552027272299-191x300.jpg 191w\" sizes=\"auto, (max-width: 458px) 100vw, 458px\" \/><\/p>\n<p style=\"text-align: center;\"><span style=\"font-size: 12pt;\"><span style=\"color: #000000; font-family: trebuchet ms, geneva, sans-serif;\">In der Pause gab es eine ganz besondere \u00dcberraschung\u2026<br \/>\n<\/span><span style=\"color: #000000; font-family: trebuchet ms, geneva, sans-serif;\">Es regnete Bonbons aus dem Schulleiterzimmer ?.<\/span><\/span><\/p>\n<p><img loading=\"lazy\" decoding=\"async\" class=\"alignnone size-full wp-image-1439\" src=\"https:\/\/www.plantage34.de\/wp-content\/uploads\/2019\/03\/K800_IMG_3260.jpg\" alt=\"\" width=\"900\" height=\"600\" srcset=\"https:\/\/www.grundschuleplantagenstrasse.de\/wp-content\/uploads\/2019\/03\/K800_IMG_3260.jpg 900w, https:\/\/www.grundschuleplantagenstrasse.de\/wp-content\/uploads\/2019\/03\/K800_IMG_3260-300x200.jpg 300w, https:\/\/www.grundschuleplantagenstrasse.de\/wp-content\/uploads\/2019\/03\/K800_IMG_3260-768x512.jpg 768w\" sizes=\"auto, (max-width: 900px) 100vw, 900px\" \/><\/p>\n<p style=\"text-align: justify;\"><span style=\"color: #000000; font-family: trebuchet ms, geneva, sans-serif; font-size: 12pt;\">Mit einer Polonaise durch das ganze Haus, ging es dann in der Turnhalle weiter. Dort tanzten wir bekannte T\u00e4nze aus dem Musikunterricht und sangen gemeinsam lustige Faschingslieder.<\/span><\/p>\n<p><img loading=\"lazy\" decoding=\"async\" class=\"alignnone size-thumbnail wp-image-1440\" src=\"https:\/\/www.plantage34.de\/wp-content\/uploads\/2019\/03\/K800_IMG_3266-150x150.jpg\" alt=\"\" width=\"150\" height=\"150\"> <img loading=\"lazy\" decoding=\"async\" class=\"alignnone size-thumbnail wp-image-1441\" src=\"https:\/\/www.plantage34.de\/wp-content\/uploads\/2019\/03\/K800_IMG_3267-150x150.jpg\" alt=\"\" width=\"150\" height=\"150\"> <img loading=\"lazy\" decoding=\"async\" class=\"alignnone size-thumbnail wp-image-1442\" src=\"https:\/\/www.plantage34.de\/wp-content\/uploads\/2019\/03\/K800_IMG_3269-150x150.jpg\" alt=\"\" width=\"150\" height=\"150\"> <img loading=\"lazy\" decoding=\"async\" class=\"alignnone size-thumbnail wp-image-1443\" src=\"https:\/\/www.plantage34.de\/wp-content\/uploads\/2019\/03\/K800_IMG_3271-150x150.jpg\" alt=\"\" width=\"150\" height=\"150\"><\/p>\n<p><img loading=\"lazy\" decoding=\"async\" class=\"alignleft wp-image-1444 size-full\" src=\"https:\/\/www.plantage34.de\/wp-content\/uploads\/2019\/03\/K800_IMG_3274.jpg\" alt=\"\" width=\"900\" height=\"600\" srcset=\"https:\/\/www.grundschuleplantagenstrasse.de\/wp-content\/uploads\/2019\/03\/K800_IMG_3274.jpg 900w, https:\/\/www.grundschuleplantagenstrasse.de\/wp-content\/uploads\/2019\/03\/K800_IMG_3274-300x200.jpg 300w, https:\/\/www.grundschuleplantagenstrasse.de\/wp-content\/uploads\/2019\/03\/K800_IMG_3274-768x512.jpg 768w\" sizes=\"auto, (max-width: 900px) 100vw, 900px\" \/>&nbsp;<\/p>\n<p><img loading=\"lazy\" decoding=\"async\" class=\"alignnone wp-image-1446 size-full\" src=\"https:\/\/www.plantage34.de\/wp-content\/uploads\/2019\/03\/K800_IMG_3279-e1552027522647.jpg\" alt=\"\" width=\"897\" height=\"483\" srcset=\"https:\/\/www.grundschuleplantagenstrasse.de\/wp-content\/uploads\/2019\/03\/K800_IMG_3279-e1552027522647.jpg 897w, https:\/\/www.grundschuleplantagenstrasse.de\/wp-content\/uploads\/2019\/03\/K800_IMG_3279-e1552027522647-300x162.jpg 300w, https:\/\/www.grundschuleplantagenstrasse.de\/wp-content\/uploads\/2019\/03\/K800_IMG_3279-e1552027522647-768x414.jpg 768w\" sizes=\"auto, (max-width: 897px) 100vw, 897px\" \/><\/p>\n<p style=\"text-align: justify;\"><span style=\"color: #000000; font-family: trebuchet ms, geneva, sans-serif; font-size: 12pt;\">Eine abschlie\u00dfende Polonaise f\u00fchrte uns zu unseren netten Nachbarn, den Feuerwehrm\u00e4nnern. Wir \u00fcberraschten sie mit einer kleinen Auswahl von unserem B\u00fcffet. Sie haben sich sehr dar\u00fcber gefreut.<\/span><\/p>\n<p><img loading=\"lazy\" decoding=\"async\" class=\"size-medium wp-image-1437 alignleft\" src=\"https:\/\/www.plantage34.de\/wp-content\/uploads\/2019\/03\/K800_IMG_3227-300x200.jpg\" alt=\"\" width=\"300\" height=\"200\" srcset=\"https:\/\/www.grundschuleplantagenstrasse.de\/wp-content\/uploads\/2019\/03\/K800_IMG_3227-300x200.jpg 300w, https:\/\/www.grundschuleplantagenstrasse.de\/wp-content\/uploads\/2019\/03\/K800_IMG_3227-768x512.jpg 768w, https:\/\/www.grundschuleplantagenstrasse.de\/wp-content\/uploads\/2019\/03\/K800_IMG_3227.jpg 900w\" sizes=\"auto, (max-width: 300px) 100vw, 300px\" \/> <img loading=\"lazy\" decoding=\"async\" class=\"alignnone size-medium wp-image-1438\" src=\"https:\/\/www.plantage34.de\/wp-content\/uploads\/2019\/03\/K800_IMG_3228-300x200.jpg\" alt=\"\" width=\"300\" height=\"200\" srcset=\"https:\/\/www.grundschuleplantagenstrasse.de\/wp-content\/uploads\/2019\/03\/K800_IMG_3228-300x200.jpg 300w, https:\/\/www.grundschuleplantagenstrasse.de\/wp-content\/uploads\/2019\/03\/K800_IMG_3228-768x512.jpg 768w, https:\/\/www.grundschuleplantagenstrasse.de\/wp-content\/uploads\/2019\/03\/K800_IMG_3228.jpg 900w\" sizes=\"auto, (max-width: 300px) 100vw, 300px\" \/><\/p>\n<p style=\"text-align: justify;\"><span style=\"color: #000000; font-family: trebuchet ms, geneva, sans-serif; font-size: 12pt;\">Nachmittags ging es noch lustig weiter. Es gab aufregende Spiele und eine coole Kinderdisco.<\/span><\/p>\n<p><img loading=\"lazy\" decoding=\"async\" class=\"size-medium wp-image-1448 alignleft\" src=\"https:\/\/www.plantage34.de\/wp-content\/uploads\/2019\/03\/K800_IMG-1651-300x225.jpg\" alt=\"\" width=\"300\" height=\"225\" srcset=\"https:\/\/www.grundschuleplantagenstrasse.de\/wp-content\/uploads\/2019\/03\/K800_IMG-1651-300x225.jpg 300w, https:\/\/www.grundschuleplantagenstrasse.de\/wp-content\/uploads\/2019\/03\/K800_IMG-1651-768x576.jpg 768w, https:\/\/www.grundschuleplantagenstrasse.de\/wp-content\/uploads\/2019\/03\/K800_IMG-1651.jpg 800w\" sizes=\"auto, (max-width: 300px) 100vw, 300px\" \/> <img loading=\"lazy\" decoding=\"async\" class=\"alignnone size-medium wp-image-1449\" src=\"https:\/\/www.plantage34.de\/wp-content\/uploads\/2019\/03\/K800_IMG-1656-300x225.jpg\" alt=\"\" width=\"300\" height=\"225\" srcset=\"https:\/\/www.grundschuleplantagenstrasse.de\/wp-content\/uploads\/2019\/03\/K800_IMG-1656-300x225.jpg 300w, https:\/\/www.grundschuleplantagenstrasse.de\/wp-content\/uploads\/2019\/03\/K800_IMG-1656-768x576.jpg 768w, https:\/\/www.grundschuleplantagenstrasse.de\/wp-content\/uploads\/2019\/03\/K800_IMG-1656.jpg 800w\" sizes=\"auto, (max-width: 300px) 100vw, 300px\" \/><\/p>\n<p style=\"text-align: justify;\"><span style=\"font-size: 12pt;\"><strong><span style=\"color: #000000; font-family: trebuchet ms, geneva, sans-serif;\">Wir hatten sehr viel Spa\u00df und freuen uns schon jetzt auf das n\u00e4chste Faschingsfest!<\/span><\/strong><\/span><\/p>\n<p><img loading=\"lazy\" decoding=\"async\" class=\"alignnone wp-image-1447 size-full\" src=\"https:\/\/www.plantage34.de\/wp-content\/uploads\/2019\/03\/K800_IMG_3289-e1552027572340.jpg\" alt=\"\" width=\"778\" height=\"479\" srcset=\"https:\/\/www.grundschuleplantagenstrasse.de\/wp-content\/uploads\/2019\/03\/K800_IMG_3289-e1552027572340.jpg 778w, https:\/\/www.grundschuleplantagenstrasse.de\/wp-content\/uploads\/2019\/03\/K800_IMG_3289-e1552027572340-300x185.jpg 300w, https:\/\/www.grundschuleplantagenstrasse.de\/wp-content\/uploads\/2019\/03\/K800_IMG_3289-e1552027572340-768x473.jpg 768w\" sizes=\"auto, (max-width: 778px) 100vw, 778px\" \/><\/p>\n<p style=\"text-align: justify;\"><em><span style=\"color: #000000; font-family: trebuchet ms, geneva, sans-serif;\">M. Heekeren, C. Scholz<\/span><\/em><\/p>\n","protected":false},"excerpt":{"rendered":"<p>In der letzten Woche haben wir mit gro\u00dfem Eifer gebastelt und eine sch\u00f6ne Dekoration f\u00fcr unser Faschingsfest gestaltet. Am Faschingsdienstag war es dann endlich soweit! Piraten, Hexen, Indianer, Zauberer, Sportler,&hellip;<\/p>\n","protected":false},"author":1,"featured_media":0,"comment_status":"closed","ping_status":"closed","sticky":false,"template":"","format":"standard","meta":{"ngg_post_thumbnail":0,"footnotes":""},"categories":[4],"tags":[],"class_list":["post-1430","post","type-post","status-publish","format-standard","hentry","category-neuigkeiten","category-4","description-off"],"_links":{"self":[{"href":"https:\/\/www.grundschuleplantagenstrasse.de\/index.php?rest_route=\/wp\/v2\/posts\/1430","targetHints":{"allow":["GET"]}}],"collection":[{"href":"https:\/\/www.grundschuleplantagenstrasse.de\/index.php?rest_route=\/wp\/v2\/posts"}],"about":[{"href":"https:\/\/www.grundschuleplantagenstrasse.de\/index.php?rest_route=\/wp\/v2\/types\/post"}],"author":[{"embeddable":true,"href":"https:\/\/www.grundschuleplantagenstrasse.de\/index.php?rest_route=\/wp\/v2\/users\/1"}],"replies":[{"embeddable":true,"href":"https:\/\/www.grundschuleplantagenstrasse.de\/index.php?rest_route=%2Fwp%2Fv2%2Fcomments&post=1430"}],"version-history":[{"count":9,"href":"https:\/\/www.grundschuleplantagenstrasse.de\/index.php?rest_route=\/wp\/v2\/posts\/1430\/revisions"}],"predecessor-version":[{"id":1554,"href":"https:\/\/www.grundschuleplantagenstrasse.de\/index.php?rest_route=\/wp\/v2\/posts\/1430\/revisions\/1554"}],"wp:attachment":[{"href":"https:\/\/www.grundschuleplantagenstrasse.de\/index.php?rest_route=%2Fwp%2Fv2%2Fmedia&parent=1430"}],"wp:term":[{"taxonomy":"category","embeddable":true,"href":"https:\/\/www.grundschuleplantagenstrasse.de\/index.php?rest_route=%2Fwp%2Fv2%2Fcategories&post=1430"},{"taxonomy":"post_tag","embeddable":true,"href":"https:\/\/www.grundschuleplantagenstrasse.de\/index.php?rest_route=%2Fwp%2Fv2%2Ftags&post=1430"}],"curies":[{"name":"wp","href":"https:\/\/api.w.org\/{rel}","templated":true}]}}